{"id":8494,"date":"2025-02-07T20:06:10","date_gmt":"2025-02-07T19:06:10","guid":{"rendered":"https:\/\/artgaucin.com\/?p=8494"},"modified":"2025-02-07T20:10:33","modified_gmt":"2025-02-07T19:10:33","slug":"the-museo-del-realismo-espanol-contemporaneo-murec-almeria-presents-the-exhibition-almeria-la-tierra-ausente-by-the","status":"publish","type":"post","link":"https:\/\/artgaucin.com\/en\/the-museo-del-realismo-espanol-contemporaneo-murec-almeria-presents-the-exhibition-almeria-la-tierra-ausente-by-the\/","title":{"rendered":"The Museo del Realismo Espa\u00f1ol Contempor\u00e1neo (MUREC, Almer\u00eda) presents the exhibition &#8221; Almer\u00eda. La tierra ausente&#8221; by the"},"content":{"rendered":"\n<p>The Museo del Realismo Espa\u00f1ol Contempor\u00e1neo (MUREC, Almer\u00eda) presents the exhibition Almer\u00eda. La tierra ausente by the painter Joseba S\u00e1nchez Zabaleta (Cistierna, Le\u00f3n, 1970), in which he expresses the sensitive and spiritual experience that the province produces in him and how it has inspired him to create his series El olvido que nos habita, from which 18 works dating from the last five years have been selected for the occasion.<\/p>\n\n\n\n<p>Committed to realism, S\u00e1nchez Zabaleta reflects through painting on the objects that surround us and on the creative process itself: visual poetry. Using elements from nature and the Almerian landscape, everyday objects and abandoned buildings, he shows the perishable, the passing of time and the transformation of matter. Each of his paintings evokes silence and from introspection invites the viewer to become the protagonist of the scene, starting from contemplation and meditation, in a painting of pause and stillness.<\/p>\n\n\n\n<p><\/p>\n\n\n\n<figure class=\"wp-block-image size-large\"><img decoding=\"async\" loading=\"lazy\" width=\"1024\" height=\"461\" src=\"https:\/\/artgaucin.com\/wp-content\/uploads\/2025\/02\/WhatsApp-Image-2025-02-07-at-19.54.43-1024x461.jpeg\" alt=\"\" class=\"wp-image-8486\" srcset=\"https:\/\/artgaucin.com\/wp-content\/uploads\/2025\/02\/WhatsApp-Image-2025-02-07-at-19.54.43-1024x461.jpeg 1024w, https:\/\/artgaucin.com\/wp-content\/uploads\/2025\/02\/WhatsApp-Image-2025-02-07-at-19.54.43-300x135.jpeg 300w, https:\/\/artgaucin.com\/wp-content\/uploads\/2025\/02\/WhatsApp-Image-2025-02-07-at-19.54.43-768x346.jpeg 768w, https:\/\/artgaucin.com\/wp-content\/uploads\/2025\/02\/WhatsApp-Image-2025-02-07-at-19.54.43-1536x691.jpeg 1536w, https:\/\/artgaucin.com\/wp-content\/uploads\/2025\/02\/WhatsApp-Image-2025-02-07-at-19.54.43-870x392.jpeg 870w, https:\/\/artgaucin.com\/wp-content\/uploads\/2025\/02\/WhatsApp-Image-2025-02-07-at-19.54.43.jpeg 1600w\" sizes=\"(max-width: 1024px) 100vw, 1024px\" \/><\/figure>\n\n\n\n<figure class=\"wp-block-image size-large\"><img decoding=\"async\" loading=\"lazy\" width=\"1024\" height=\"461\" src=\"https:\/\/artgaucin.com\/wp-content\/uploads\/2025\/02\/WhatsApp-Image-2025-02-07-at-19.54.58-1024x461.jpeg\" alt=\"\" class=\"wp-image-8488\" srcset=\"https:\/\/artgaucin.com\/wp-content\/uploads\/2025\/02\/WhatsApp-Image-2025-02-07-at-19.54.58-1024x461.jpeg 1024w, https:\/\/artgaucin.com\/wp-content\/uploads\/2025\/02\/WhatsApp-Image-2025-02-07-at-19.54.58-300x135.jpeg 300w, https:\/\/artgaucin.com\/wp-content\/uploads\/2025\/02\/WhatsApp-Image-2025-02-07-at-19.54.58-768x346.jpeg 768w, https:\/\/artgaucin.com\/wp-content\/uploads\/2025\/02\/WhatsApp-Image-2025-02-07-at-19.54.58-1536x691.jpeg 1536w, https:\/\/artgaucin.com\/wp-content\/uploads\/2025\/02\/WhatsApp-Image-2025-02-07-at-19.54.58-870x392.jpeg 870w, https:\/\/artgaucin.com\/wp-content\/uploads\/2025\/02\/WhatsApp-Image-2025-02-07-at-19.54.58.jpeg 1600w\" sizes=\"(max-width: 1024px) 100vw, 1024px\" \/><\/figure>\n\n\n\n<p>The exhibition, organised by the Ib\u00e1\u00f1ez Cosentino Art Foundation in collaboration with the Diputaci\u00f3n de Almer\u00eda and curated by Juan Manuel Mart\u00edn Robles, delves into a lesser-known Almer\u00eda, because the painter&#8217;s creative process maintains a constant, the search for places that move, those which, from the ruins and through a refined painting, are shown in a desolate and absent space.<\/p>\n\n\n\n<p>The landscapes that will be on display until 30 March in Room 2 of temporary exhibitions at the MUREC feature Cabo de Gata, a refuge for the artist, where his ideas for painting and the inspiration of everyday life come from. A landscape full of silence where the humble vegetation, the passing of time, the clamour of its landscapes and the echo of the voices of its people cohabit.<\/p>\n\n\n\n<p>Through different pictorial constructions, the painter explores the concept of inhabiting, which has lost meaning and significance, associated with a mere physical aspect, that of a simple occupation of space. However, from his painting, he proposes an anthropological and philosophical vision of how we inhabit a territory from a symbolic, physical and aesthetic construction, from a concern for rootedness and forms of belonging.<\/p>\n\n\n\n<p>From the perspective of the traveller-painter, architecture, the fragment and the fragile take centre stage in each of the pieces that make up this exhibition. Memory and its debris become the objective narration of the passage of time, in a dialogue between past and future.<\/p>\n\n\n\n<figure class=\"wp-block-image size-large\"><img decoding=\"async\" loading=\"lazy\" width=\"1024\" height=\"461\" src=\"https:\/\/artgaucin.com\/wp-content\/uploads\/2025\/02\/WhatsApp-Image-2025-02-07-at-19.55.17-1024x461.jpeg\" alt=\"\" class=\"wp-image-8490\" srcset=\"https:\/\/artgaucin.com\/wp-content\/uploads\/2025\/02\/WhatsApp-Image-2025-02-07-at-19.55.17-1024x461.jpeg 1024w, https:\/\/artgaucin.com\/wp-content\/uploads\/2025\/02\/WhatsApp-Image-2025-02-07-at-19.55.17-300x135.jpeg 300w, https:\/\/artgaucin.com\/wp-content\/uploads\/2025\/02\/WhatsApp-Image-2025-02-07-at-19.55.17-768x346.jpeg 768w, https:\/\/artgaucin.com\/wp-content\/uploads\/2025\/02\/WhatsApp-Image-2025-02-07-at-19.55.17-1536x691.jpeg 1536w, https:\/\/artgaucin.com\/wp-content\/uploads\/2025\/02\/WhatsApp-Image-2025-02-07-at-19.55.17-870x392.jpeg 870w, https:\/\/artgaucin.com\/wp-content\/uploads\/2025\/02\/WhatsApp-Image-2025-02-07-at-19.55.17.jpeg 1600w\" sizes=\"(max-width: 1024px) 100vw, 1024px\" \/><\/figure>\n","protected":false},"excerpt":{"rendered":"<p>The Museo del Realismo Espa\u00f1ol Contempor\u00e1neo (MUREC, Almer\u00eda) presents the exhibition Almer\u00eda. La tierra ausente by the painter Joseba S\u00e1nchez Zabaleta (Cistierna, Le\u00f3n, 1970), in which he expresses the sensitive and spiritual experience that the province produces in him and how it has inspired him to create his series El olvido que nos habita, from [&hellip;]<\/p>\n","protected":false},"author":3,"featured_media":8479,"comment_status":"open","ping_status":"open","sticky":false,"template":"","format":"standard","meta":{"footnotes":""},"categories":[19],"tags":[],"acf":[],"featured_image_urls_v2":{"full":["https:\/\/artgaucin.com\/wp-content\/uploads\/2025\/02\/cartel-MUREC.jpg",885,1200,false],"thumbnail":["https:\/\/artgaucin.com\/wp-content\/uploads\/2025\/02\/cartel-MUREC-150x150.jpg",150,150,true],"medium":["https:\/\/artgaucin.com\/wp-content\/uploads\/2025\/02\/cartel-MUREC-221x300.jpg",221,300,true],"medium_large":["https:\/\/artgaucin.com\/wp-content\/uploads\/2025\/02\/cartel-MUREC-768x1041.jpg",600,813,true],"large":["https:\/\/artgaucin.com\/wp-content\/uploads\/2025\/02\/cartel-MUREC-755x1024.jpg",600,814,true],"1536x1536":["https:\/\/artgaucin.com\/wp-content\/uploads\/2025\/02\/cartel-MUREC.jpg",885,1200,false],"2048x2048":["https:\/\/artgaucin.com\/wp-content\/uploads\/2025\/02\/cartel-MUREC.jpg",885,1200,false],"ab-block-post-grid-landscape":["https:\/\/artgaucin.com\/wp-content\/uploads\/2025\/02\/cartel-MUREC-600x400.jpg",600,400,true],"ab-block-post-grid-square":["https:\/\/artgaucin.com\/wp-content\/uploads\/2025\/02\/cartel-MUREC-600x600.jpg",600,600,true],"post-thumbnail":["https:\/\/artgaucin.com\/wp-content\/uploads\/2025\/02\/cartel-MUREC-870x1180.jpg",870,1180,true],"sullivan_fullscreen":["https:\/\/artgaucin.com\/wp-content\/uploads\/2025\/02\/cartel-MUREC.jpg",885,1200,false]},"post_excerpt_stackable_v2":"<p>The Museo del Realismo Espa\u00f1ol Contempor\u00e1neo (MUREC, Almer\u00eda) presents the exhibition Almer\u00eda. La tierra ausente by the painter Joseba S\u00e1nchez Zabaleta (Cistierna, Le\u00f3n, 1970), in which he expresses the sensitive and spiritual experience that the province produces in him and how it has inspired him to create his series El olvido que nos habita, from which 18 works dating from the last five years have been selected for the occasion. Committed to realism, S\u00e1nchez Zabaleta reflects through painting on the objects that surround us and on the creative process itself: visual poetry. Using elements from nature and the Almerian landscape,&hellip;<\/p>\n","category_list_v2":"<a href=\"https:\/\/artgaucin.com\/en\/category\/news\/\" rel=\"category tag\">News<\/a>","author_info_v2":{"name":"AdminGaucin","url":"https:\/\/artgaucin.com\/en\/author\/admingaucin\/"},"comments_num_v2":"0 comments","yoast_head":"<!-- This site is optimized with the Yoast SEO plugin v22.3 - https:\/\/yoast.com\/wordpress\/plugins\/seo\/ -->\n<title>The Museo del Realismo Espa\u00f1ol Contempor\u00e1neo (MUREC, Almer\u00eda) presents the exhibition &quot; Almer\u00eda. La tierra ausente&quot; by the - Art Gauc\u00edn Art gaucin. Art collective<\/title>\n<meta name=\"description\" content=\"Art Gauc\u00edn es un colectivo de artistas de todas las disciplinas que viven y trabajabn en Gauc\u00edn, en la serran\u00eda de Ronda\" \/>\n<meta name=\"robots\" content=\"index, follow, max-snippet:-1, max-image-preview:large, max-video-preview:-1\" \/>\n<link rel=\"canonical\" href=\"https:\/\/artgaucin.com\/en\/the-museo-del-realismo-espanol-contemporaneo-murec-almeria-presents-the-exhibition-almeria-la-tierra-ausente-by-the\/\" \/>\n<meta property=\"og:locale\" content=\"en_US\" \/>\n<meta property=\"og:type\" content=\"article\" \/>\n<meta property=\"og:title\" content=\"The Museo del Realismo Espa\u00f1ol Contempor\u00e1neo (MUREC, Almer\u00eda) presents the exhibition &quot; Almer\u00eda. La tierra ausente&quot; by the - Art Gauc\u00edn Art gaucin. Art collective\" \/>\n<meta property=\"og:description\" content=\"Art Gauc\u00edn es un colectivo de artistas de todas las disciplinas que viven y trabajabn en Gauc\u00edn, en la serran\u00eda de Ronda\" \/>\n<meta property=\"og:url\" content=\"https:\/\/artgaucin.com\/en\/the-museo-del-realismo-espanol-contemporaneo-murec-almeria-presents-the-exhibition-almeria-la-tierra-ausente-by-the\/\" \/>\n<meta property=\"og:site_name\" content=\"Art Gauc\u00edn\" \/>\n<meta property=\"article:published_time\" content=\"2025-02-07T19:06:10+00:00\" \/>\n<meta property=\"article:modified_time\" content=\"2025-02-07T19:10:33+00:00\" \/>\n<meta property=\"og:image\" content=\"https:\/\/artgaucin.com\/wp-content\/uploads\/2025\/02\/cartel-MUREC.jpg\" \/>\n\t<meta property=\"og:image:width\" content=\"885\" \/>\n\t<meta property=\"og:image:height\" content=\"1200\" \/>\n\t<meta property=\"og:image:type\" content=\"image\/jpeg\" \/>\n<meta name=\"author\" content=\"AdminGaucin\" \/>\n<meta name=\"twitter:card\" content=\"summary_large_image\" \/>\n<meta name=\"twitter:label1\" content=\"Written by\" \/>\n\t<meta name=\"twitter:data1\" content=\"AdminGaucin\" \/>\n\t<meta name=\"twitter:label2\" content=\"Est. reading time\" \/>\n\t<meta name=\"twitter:data2\" content=\"3 minutes\" \/>\n<script type=\"application\/ld+json\" class=\"yoast-schema-graph\">{\"@context\":\"https:\/\/schema.org\",\"@graph\":[{\"@type\":\"WebPage\",\"@id\":\"https:\/\/artgaucin.com\/en\/the-museo-del-realismo-espanol-contemporaneo-murec-almeria-presents-the-exhibition-almeria-la-tierra-ausente-by-the\/\",\"url\":\"https:\/\/artgaucin.com\/en\/the-museo-del-realismo-espanol-contemporaneo-murec-almeria-presents-the-exhibition-almeria-la-tierra-ausente-by-the\/\",\"name\":\"The Museo del Realismo Espa\u00f1ol Contempor\u00e1neo (MUREC, Almer\u00eda) presents the exhibition \\\" Almer\u00eda. La tierra ausente\\\" by the - Art Gauc\u00edn Art gaucin. Art collective\",\"isPartOf\":{\"@id\":\"https:\/\/artgaucin.com\/#website\"},\"primaryImageOfPage\":{\"@id\":\"https:\/\/artgaucin.com\/en\/the-museo-del-realismo-espanol-contemporaneo-murec-almeria-presents-the-exhibition-almeria-la-tierra-ausente-by-the\/#primaryimage\"},\"image\":{\"@id\":\"https:\/\/artgaucin.com\/en\/the-museo-del-realismo-espanol-contemporaneo-murec-almeria-presents-the-exhibition-almeria-la-tierra-ausente-by-the\/#primaryimage\"},\"thumbnailUrl\":\"https:\/\/artgaucin.com\/wp-content\/uploads\/2025\/02\/cartel-MUREC.jpg\",\"datePublished\":\"2025-02-07T19:06:10+00:00\",\"dateModified\":\"2025-02-07T19:10:33+00:00\",\"author\":{\"@id\":\"https:\/\/artgaucin.com\/#\/schema\/person\/30904421319471753dd63198c1313e11\"},\"description\":\"Art Gauc\u00edn es un colectivo de artistas de todas las disciplinas que viven y trabajabn en Gauc\u00edn, en la serran\u00eda de Ronda\",\"breadcrumb\":{\"@id\":\"https:\/\/artgaucin.com\/en\/the-museo-del-realismo-espanol-contemporaneo-murec-almeria-presents-the-exhibition-almeria-la-tierra-ausente-by-the\/#breadcrumb\"},\"inLanguage\":\"en-US\",\"potentialAction\":[{\"@type\":\"ReadAction\",\"target\":[\"https:\/\/artgaucin.com\/en\/the-museo-del-realismo-espanol-contemporaneo-murec-almeria-presents-the-exhibition-almeria-la-tierra-ausente-by-the\/\"]}]},{\"@type\":\"ImageObject\",\"inLanguage\":\"en-US\",\"@id\":\"https:\/\/artgaucin.com\/en\/the-museo-del-realismo-espanol-contemporaneo-murec-almeria-presents-the-exhibition-almeria-la-tierra-ausente-by-the\/#primaryimage\",\"url\":\"https:\/\/artgaucin.com\/wp-content\/uploads\/2025\/02\/cartel-MUREC.jpg\",\"contentUrl\":\"https:\/\/artgaucin.com\/wp-content\/uploads\/2025\/02\/cartel-MUREC.jpg\",\"width\":885,\"height\":1200},{\"@type\":\"BreadcrumbList\",\"@id\":\"https:\/\/artgaucin.com\/en\/the-museo-del-realismo-espanol-contemporaneo-murec-almeria-presents-the-exhibition-almeria-la-tierra-ausente-by-the\/#breadcrumb\",\"itemListElement\":[{\"@type\":\"ListItem\",\"position\":1,\"name\":\"Home\",\"item\":\"https:\/\/artgaucin.com\/\"},{\"@type\":\"ListItem\",\"position\":2,\"name\":\"The Museo del Realismo Espa\u00f1ol Contempor\u00e1neo (MUREC, Almer\u00eda) presents the exhibition \u00bb Almer\u00eda. La tierra ausente\u00bb by the\"}]},{\"@type\":\"WebSite\",\"@id\":\"https:\/\/artgaucin.com\/#website\",\"url\":\"https:\/\/artgaucin.com\/\",\"name\":\"Art Gauc\u00edn\",\"description\":\"\",\"potentialAction\":[{\"@type\":\"SearchAction\",\"target\":{\"@type\":\"EntryPoint\",\"urlTemplate\":\"https:\/\/artgaucin.com\/?s={search_term_string}\"},\"query-input\":\"required name=search_term_string\"}],\"inLanguage\":\"en-US\"},{\"@type\":\"Person\",\"@id\":\"https:\/\/artgaucin.com\/#\/schema\/person\/30904421319471753dd63198c1313e11\",\"name\":\"AdminGaucin\",\"image\":{\"@type\":\"ImageObject\",\"inLanguage\":\"en-US\",\"@id\":\"https:\/\/artgaucin.com\/#\/schema\/person\/image\/\",\"url\":\"https:\/\/secure.gravatar.com\/avatar\/482dc23a78ef33500eb1eb10a7293191?s=96&d=mm&r=g\",\"contentUrl\":\"https:\/\/secure.gravatar.com\/avatar\/482dc23a78ef33500eb1eb10a7293191?s=96&d=mm&r=g\",\"caption\":\"AdminGaucin\"},\"url\":\"https:\/\/artgaucin.com\/en\/author\/admingaucin\/\"}]}<\/script>\n<!-- \/ Yoast SEO plugin. -->","yoast_head_json":{"title":"The Museo del Realismo Espa\u00f1ol Contempor\u00e1neo (MUREC, Almer\u00eda) presents the exhibition \" Almer\u00eda. La tierra ausente\" by the - Art Gauc\u00edn Art gaucin. Art collective","description":"Art Gauc\u00edn es un colectivo de artistas de todas las disciplinas que viven y trabajabn en Gauc\u00edn, en la serran\u00eda de Ronda","robots":{"index":"index","follow":"follow","max-snippet":"max-snippet:-1","max-image-preview":"max-image-preview:large","max-video-preview":"max-video-preview:-1"},"canonical":"https:\/\/artgaucin.com\/en\/the-museo-del-realismo-espanol-contemporaneo-murec-almeria-presents-the-exhibition-almeria-la-tierra-ausente-by-the\/","og_locale":"en_US","og_type":"article","og_title":"The Museo del Realismo Espa\u00f1ol Contempor\u00e1neo (MUREC, Almer\u00eda) presents the exhibition \" Almer\u00eda. La tierra ausente\" by the - Art Gauc\u00edn Art gaucin. Art collective","og_description":"Art Gauc\u00edn es un colectivo de artistas de todas las disciplinas que viven y trabajabn en Gauc\u00edn, en la serran\u00eda de Ronda","og_url":"https:\/\/artgaucin.com\/en\/the-museo-del-realismo-espanol-contemporaneo-murec-almeria-presents-the-exhibition-almeria-la-tierra-ausente-by-the\/","og_site_name":"Art Gauc\u00edn","article_published_time":"2025-02-07T19:06:10+00:00","article_modified_time":"2025-02-07T19:10:33+00:00","og_image":[{"width":885,"height":1200,"url":"https:\/\/artgaucin.com\/wp-content\/uploads\/2025\/02\/cartel-MUREC.jpg","type":"image\/jpeg"}],"author":"AdminGaucin","twitter_card":"summary_large_image","twitter_misc":{"Written by":"AdminGaucin","Est. reading time":"3 minutes"},"schema":{"@context":"https:\/\/schema.org","@graph":[{"@type":"WebPage","@id":"https:\/\/artgaucin.com\/en\/the-museo-del-realismo-espanol-contemporaneo-murec-almeria-presents-the-exhibition-almeria-la-tierra-ausente-by-the\/","url":"https:\/\/artgaucin.com\/en\/the-museo-del-realismo-espanol-contemporaneo-murec-almeria-presents-the-exhibition-almeria-la-tierra-ausente-by-the\/","name":"The Museo del Realismo Espa\u00f1ol Contempor\u00e1neo (MUREC, Almer\u00eda) presents the exhibition \" Almer\u00eda. La tierra ausente\" by the - Art Gauc\u00edn Art gaucin. Art collective","isPartOf":{"@id":"https:\/\/artgaucin.com\/#website"},"primaryImageOfPage":{"@id":"https:\/\/artgaucin.com\/en\/the-museo-del-realismo-espanol-contemporaneo-murec-almeria-presents-the-exhibition-almeria-la-tierra-ausente-by-the\/#primaryimage"},"image":{"@id":"https:\/\/artgaucin.com\/en\/the-museo-del-realismo-espanol-contemporaneo-murec-almeria-presents-the-exhibition-almeria-la-tierra-ausente-by-the\/#primaryimage"},"thumbnailUrl":"https:\/\/artgaucin.com\/wp-content\/uploads\/2025\/02\/cartel-MUREC.jpg","datePublished":"2025-02-07T19:06:10+00:00","dateModified":"2025-02-07T19:10:33+00:00","author":{"@id":"https:\/\/artgaucin.com\/#\/schema\/person\/30904421319471753dd63198c1313e11"},"description":"Art Gauc\u00edn es un colectivo de artistas de todas las disciplinas que viven y trabajabn en Gauc\u00edn, en la serran\u00eda de Ronda","breadcrumb":{"@id":"https:\/\/artgaucin.com\/en\/the-museo-del-realismo-espanol-contemporaneo-murec-almeria-presents-the-exhibition-almeria-la-tierra-ausente-by-the\/#breadcrumb"},"inLanguage":"en-US","potentialAction":[{"@type":"ReadAction","target":["https:\/\/artgaucin.com\/en\/the-museo-del-realismo-espanol-contemporaneo-murec-almeria-presents-the-exhibition-almeria-la-tierra-ausente-by-the\/"]}]},{"@type":"ImageObject","inLanguage":"en-US","@id":"https:\/\/artgaucin.com\/en\/the-museo-del-realismo-espanol-contemporaneo-murec-almeria-presents-the-exhibition-almeria-la-tierra-ausente-by-the\/#primaryimage","url":"https:\/\/artgaucin.com\/wp-content\/uploads\/2025\/02\/cartel-MUREC.jpg","contentUrl":"https:\/\/artgaucin.com\/wp-content\/uploads\/2025\/02\/cartel-MUREC.jpg","width":885,"height":1200},{"@type":"BreadcrumbList","@id":"https:\/\/artgaucin.com\/en\/the-museo-del-realismo-espanol-contemporaneo-murec-almeria-presents-the-exhibition-almeria-la-tierra-ausente-by-the\/#breadcrumb","itemListElement":[{"@type":"ListItem","position":1,"name":"Home","item":"https:\/\/artgaucin.com\/"},{"@type":"ListItem","position":2,"name":"The Museo del Realismo Espa\u00f1ol Contempor\u00e1neo (MUREC, Almer\u00eda) presents the exhibition \u00bb Almer\u00eda. La tierra ausente\u00bb by the"}]},{"@type":"WebSite","@id":"https:\/\/artgaucin.com\/#website","url":"https:\/\/artgaucin.com\/","name":"Art Gauc\u00edn","description":"","potentialAction":[{"@type":"SearchAction","target":{"@type":"EntryPoint","urlTemplate":"https:\/\/artgaucin.com\/?s={search_term_string}"},"query-input":"required name=search_term_string"}],"inLanguage":"en-US"},{"@type":"Person","@id":"https:\/\/artgaucin.com\/#\/schema\/person\/30904421319471753dd63198c1313e11","name":"AdminGaucin","image":{"@type":"ImageObject","inLanguage":"en-US","@id":"https:\/\/artgaucin.com\/#\/schema\/person\/image\/","url":"https:\/\/secure.gravatar.com\/avatar\/482dc23a78ef33500eb1eb10a7293191?s=96&d=mm&r=g","contentUrl":"https:\/\/secure.gravatar.com\/avatar\/482dc23a78ef33500eb1eb10a7293191?s=96&d=mm&r=g","caption":"AdminGaucin"},"url":"https:\/\/artgaucin.com\/en\/author\/admingaucin\/"}]}},"featured_image_src":"https:\/\/artgaucin.com\/wp-content\/uploads\/2025\/02\/cartel-MUREC-600x400.jpg","featured_image_src_square":"https:\/\/artgaucin.com\/wp-content\/uploads\/2025\/02\/cartel-MUREC-600x600.jpg","author_info":{"display_name":"AdminGaucin","author_link":"https:\/\/artgaucin.com\/en\/author\/admingaucin\/"},"jetpack_featured_media_url":"https:\/\/artgaucin.com\/wp-content\/uploads\/2025\/02\/cartel-MUREC.jpg","jetpack_sharing_enabled":true,"_links":{"self":[{"href":"https:\/\/artgaucin.com\/en\/wp-json\/wp\/v2\/posts\/8494"}],"collection":[{"href":"https:\/\/artgaucin.com\/en\/wp-json\/wp\/v2\/posts"}],"about":[{"href":"https:\/\/artgaucin.com\/en\/wp-json\/wp\/v2\/types\/post"}],"author":[{"embeddable":true,"href":"https:\/\/artgaucin.com\/en\/wp-json\/wp\/v2\/users\/3"}],"replies":[{"embeddable":true,"href":"https:\/\/artgaucin.com\/en\/wp-json\/wp\/v2\/comments?post=8494"}],"version-history":[{"count":1,"href":"https:\/\/artgaucin.com\/en\/wp-json\/wp\/v2\/posts\/8494\/revisions"}],"predecessor-version":[{"id":8496,"href":"https:\/\/artgaucin.com\/en\/wp-json\/wp\/v2\/posts\/8494\/revisions\/8496"}],"wp:featuredmedia":[{"embeddable":true,"href":"https:\/\/artgaucin.com\/en\/wp-json\/wp\/v2\/media\/8479"}],"wp:attachment":[{"href":"https:\/\/artgaucin.com\/en\/wp-json\/wp\/v2\/media?parent=8494"}],"wp:term":[{"taxonomy":"category","embeddable":true,"href":"https:\/\/artgaucin.com\/en\/wp-json\/wp\/v2\/categories?post=8494"},{"taxonomy":"post_tag","embeddable":true,"href":"https:\/\/artgaucin.com\/en\/wp-json\/wp\/v2\/tags?post=8494"}],"curies":[{"name":"wp","href":"https:\/\/api.w.org\/{rel}","templated":true}]}}